{"id":3820,"date":"2017-09-14T12:25:23","date_gmt":"2017-09-14T12:25:23","guid":{"rendered":"https:\/\/techossolares.minenergia.cl\/?p=3820"},"modified":"2017-09-14T12:25:23","modified_gmt":"2017-09-14T12:25:23","slug":"se-abre-proceso-de-licitacion-para-sistema-solar-fotovoltaico-en-liceo-politecnico-jose-gutierrez-de-la-fuente-comuna-de-iquique","status":"publish","type":"post","link":"https:\/\/techossolares.minenergia.cl\/?p=3820","title":{"rendered":"Se abre proceso de licitaci\u00f3n para sistema solar fotovoltaico en Liceo Polit\u00e9cnico Jos\u00e9 Guti\u00e9rrez de la Fuente, comuna de Iquique."},"content":{"rendered":"<p>El Ministerio de Energ\u00eda a trav\u00e9s de su Programa Techos Solares P\u00fablicos (PTSP), public\u00f3 en el portal de Mercado P\u00fablico el proceso de licitaci\u00f3n para la \u201c<strong>Adquisici\u00f3n e instalaci\u00f3n de sistemas fotovoltaicos para el programa Techos Solares P\u00fablicos en Liceo Polit\u00e9cnico Jos\u00e9 Guti\u00e9rrez de la Fuente, comuna de Iquique\u201d<\/strong>, bajo el ID 584105-69-LP17.<\/p>\n<p>&nbsp;<\/p>\n<p>Las postulaciones a este proceso ser\u00e1n hasta el d\u00eda 04 de octubre a las 15:00 horas.<\/p>\n","protected":false},"excerpt":{"rendered":"<p>El Ministerio de Energ\u00eda a trav\u00e9s de su Programa Techos Solares P\u00fablicos (PTSP), public\u00f3 en el portal de Mercado P\u00fablico el proceso de licitaci\u00f3n para la \u201cAdquisici\u00f3n e instalaci\u00f3n de sistemas fotovoltaicos para el programa Techos Solares P\u00fablicos en Liceo<a href=\"https:\/\/techossolares.minenergia.cl\/?p=3820\" rel=\"nofollow\">&#8230;Leer mas<\/a><\/p>\n","protected":false},"author":4,"featured_media":3821,"comment_status":"open","ping_status":"open","sticky":false,"template":"","format":"standard","meta":{"inline_featured_image":false,"footnotes":""},"categories":[202],"tags":[],"class_list":["post-3820","post","type-post","status-publish","format-standard","has-post-thumbnail","hentry","category-noticias"],"_links":{"self":[{"href":"https:\/\/techossolares.minenergia.cl\/index.php?rest_route=\/wp\/v2\/posts\/3820","targetHints":{"allow":["GET"]}}],"collection":[{"href":"https:\/\/techossolares.minenergia.cl\/index.php?rest_route=\/wp\/v2\/posts"}],"about":[{"href":"https:\/\/techossolares.minenergia.cl\/index.php?rest_route=\/wp\/v2\/types\/post"}],"author":[{"embeddable":true,"href":"https:\/\/techossolares.minenergia.cl\/index.php?rest_route=\/wp\/v2\/users\/4"}],"replies":[{"embeddable":true,"href":"https:\/\/techossolares.minenergia.cl\/index.php?rest_route=%2Fwp%2Fv2%2Fcomments&post=3820"}],"version-history":[{"count":1,"href":"https:\/\/techossolares.minenergia.cl\/index.php?rest_route=\/wp\/v2\/posts\/3820\/revisions"}],"predecessor-version":[{"id":3822,"href":"https:\/\/techossolares.minenergia.cl\/index.php?rest_route=\/wp\/v2\/posts\/3820\/revisions\/3822"}],"wp:featuredmedia":[{"embeddable":true,"href":"https:\/\/techossolares.minenergia.cl\/index.php?rest_route=\/wp\/v2\/media\/3821"}],"wp:attachment":[{"href":"https:\/\/techossolares.minenergia.cl\/index.php?rest_route=%2Fwp%2Fv2%2Fmedia&parent=3820"}],"wp:term":[{"taxonomy":"category","embeddable":true,"href":"https:\/\/techossolares.minenergia.cl\/index.php?rest_route=%2Fwp%2Fv2%2Fcategories&post=3820"},{"taxonomy":"post_tag","embeddable":true,"href":"https:\/\/techossolares.minenergia.cl\/index.php?rest_route=%2Fwp%2Fv2%2Ftags&post=3820"}],"curies":[{"name":"wp","href":"https:\/\/api.w.org\/{rel}","templated":true}]}}