{"id":4149,"date":"2017-11-13T18:41:51","date_gmt":"2017-11-13T18:41:51","guid":{"rendered":"https:\/\/techossolares.minenergia.cl\/?p=4149"},"modified":"2017-11-13T18:45:49","modified_gmt":"2017-11-13T18:45:49","slug":"se-abre-proceso-de-licitacion-para-sistema-solar-fotovoltaico-en-liceo-industrial-jose-tomas-de-urmeneta-y-liceo-jose-santos-ossa","status":"publish","type":"post","link":"https:\/\/techossolares.minenergia.cl\/?p=4149","title":{"rendered":"Se abre proceso de licitaci\u00f3n para sistema solar fotovoltaico en Liceo Industrial Jos\u00e9 Tom\u00e1s de Urmeneta y Liceo Jos\u00e9 Santos Ossa."},"content":{"rendered":"<p>El Ministerio de Energ\u00eda a trav\u00e9s de su Programa Techos Solares P\u00fablicos (PTSP), public\u00f3 en el portal de Mercado P\u00fablico el proceso de licitaci\u00f3n para la \u201c<strong>Adquisici\u00f3n e instalaci\u00f3n de sistemas fotovoltaicos para el programa Techos Solares P\u00fablicos en Liceo Industrial Jos\u00e9 Tom\u00e1s de Urmeneta, de la Comuna de Coquimbo, Regi\u00f3n de Coquimbo y Liceo Jos\u00e9 Santos Ossa, de la Comuna de Vallenar, Regi\u00f3n de Atacama\u201d<\/strong>, bajo el ID 584105-75-LP17.<\/p>\n<p>Las postulaciones a este proceso ser\u00e1n hasta el d\u00eda 04 de diciembre a las 15:00 horas.<\/p>\n","protected":false},"excerpt":{"rendered":"<p>El Ministerio de Energ\u00eda a trav\u00e9s de su Programa Techos Solares P\u00fablicos (PTSP), public\u00f3 en el portal de Mercado P\u00fablico el proceso de licitaci\u00f3n para la \u201cAdquisici\u00f3n e instalaci\u00f3n de sistemas fotovoltaicos para el programa Techos Solares P\u00fablicos en Liceo<a href=\"https:\/\/techossolares.minenergia.cl\/?p=4149\" rel=\"nofollow\">&#8230;Leer mas<\/a><\/p>\n","protected":false},"author":4,"featured_media":4153,"comment_status":"open","ping_status":"open","sticky":false,"template":"","format":"standard","meta":{"inline_featured_image":false,"footnotes":""},"categories":[202],"tags":[],"class_list":["post-4149","post","type-post","status-publish","format-standard","has-post-thumbnail","hentry","category-noticias"],"_links":{"self":[{"href":"https:\/\/techossolares.minenergia.cl\/index.php?rest_route=\/wp\/v2\/posts\/4149","targetHints":{"allow":["GET"]}}],"collection":[{"href":"https:\/\/techossolares.minenergia.cl\/index.php?rest_route=\/wp\/v2\/posts"}],"about":[{"href":"https:\/\/techossolares.minenergia.cl\/index.php?rest_route=\/wp\/v2\/types\/post"}],"author":[{"embeddable":true,"href":"https:\/\/techossolares.minenergia.cl\/index.php?rest_route=\/wp\/v2\/users\/4"}],"replies":[{"embeddable":true,"href":"https:\/\/techossolares.minenergia.cl\/index.php?rest_route=%2Fwp%2Fv2%2Fcomments&post=4149"}],"version-history":[{"count":1,"href":"https:\/\/techossolares.minenergia.cl\/index.php?rest_route=\/wp\/v2\/posts\/4149\/revisions"}],"predecessor-version":[{"id":4150,"href":"https:\/\/techossolares.minenergia.cl\/index.php?rest_route=\/wp\/v2\/posts\/4149\/revisions\/4150"}],"wp:featuredmedia":[{"embeddable":true,"href":"https:\/\/techossolares.minenergia.cl\/index.php?rest_route=\/wp\/v2\/media\/4153"}],"wp:attachment":[{"href":"https:\/\/techossolares.minenergia.cl\/index.php?rest_route=%2Fwp%2Fv2%2Fmedia&parent=4149"}],"wp:term":[{"taxonomy":"category","embeddable":true,"href":"https:\/\/techossolares.minenergia.cl\/index.php?rest_route=%2Fwp%2Fv2%2Fcategories&post=4149"},{"taxonomy":"post_tag","embeddable":true,"href":"https:\/\/techossolares.minenergia.cl\/index.php?rest_route=%2Fwp%2Fv2%2Ftags&post=4149"}],"curies":[{"name":"wp","href":"https:\/\/api.w.org\/{rel}","templated":true}]}}