{"id":4427,"date":"2018-03-01T18:54:33","date_gmt":"2018-03-01T18:54:33","guid":{"rendered":"https:\/\/techossolares.minenergia.cl\/?p=4427"},"modified":"2018-03-01T18:54:33","modified_gmt":"2018-03-01T18:54:33","slug":"se-abre-proceso-de-licitacion-para-sistema-solar-fotovoltaico-en-liceo-clara-solovera-san-bernardo-liceo-eliodoro-garcia-zegers-santiago-centro-complejo-educacional-jose-miguel-carrera-quilicura","status":"publish","type":"post","link":"https:\/\/techossolares.minenergia.cl\/?p=4427","title":{"rendered":"Se abre proceso de licitaci\u00f3n para sistema solar fotovoltaico en Liceo Clara Solovera, San Bernardo; Liceo Eliodoro Garcia Zegers, Santiago Centro; Complejo Educacional Jos\u00e9 Miguel Carrera, Quilicura, de la Regi\u00f3n Metropolitana de Santiago, y Liceo Polivalente Fernando Silva Castell\u00f3n, Catemu, de la Regi\u00f3n de Valpara\u00edso."},"content":{"rendered":"<p>El Ministerio de Energ\u00eda a trav\u00e9s de su Programa Techos Solares P\u00fablicos (PTSP), public\u00f3 en el portal de Mercado P\u00fablico el proceso de licitaci\u00f3n para la <strong>\u201cAdquisici\u00f3n e instalaci\u00f3n de sistemas fotovoltaicos para el programa Techos Solares P\u00fablicos en Liceo Clara Solovera, San Bernardo; Liceo Eliodoro Garcia Zegers, Santiago Centro; Complejo Educacional Jos\u00e9 Miguel Carrera, Quilicura, de la Regi\u00f3n Metropolitana de Santiago, y Liceo Polivalente Fernando Silva Castell\u00f3n, Catemu, de la Regi\u00f3n de Valpara\u00edso<\/strong><strong>\u201d<\/strong>, bajo el ID <a href=\"http:\/\/www.mercadopublico.cl\/Procurement\/Modules\/RFB\/DetailsAcquisition.aspx?qs=hRFYy2uAawVbd0j6igDKpyC74AryXY7qV\/u+xznYFif1IQOpzdmYTAXdMqBqVrHk\" target=\"_blank\" rel=\"noopener noreferrer\">\u00a0584105-5-LQ18<\/a>.<\/p>\n<p>&nbsp;<\/p>\n<p>Las postulaciones a este proceso ser\u00e1n hasta el d\u00eda 22 de marzo a las 15:00 horas.<\/p>\n","protected":false},"excerpt":{"rendered":"<p>El Ministerio de Energ\u00eda a trav\u00e9s de su Programa Techos Solares P\u00fablicos (PTSP), public\u00f3 en el portal de Mercado P\u00fablico el proceso de licitaci\u00f3n para la \u201cAdquisici\u00f3n e instalaci\u00f3n de sistemas fotovoltaicos para el programa Techos Solares P\u00fablicos en Liceo<a href=\"https:\/\/techossolares.minenergia.cl\/?p=4427\" rel=\"nofollow\">&#8230;Leer mas<\/a><\/p>\n","protected":false},"author":4,"featured_media":4428,"comment_status":"open","ping_status":"open","sticky":false,"template":"","format":"standard","meta":{"inline_featured_image":false,"footnotes":""},"categories":[202],"tags":[],"class_list":["post-4427","post","type-post","status-publish","format-standard","has-post-thumbnail","hentry","category-noticias"],"_links":{"self":[{"href":"https:\/\/techossolares.minenergia.cl\/index.php?rest_route=\/wp\/v2\/posts\/4427","targetHints":{"allow":["GET"]}}],"collection":[{"href":"https:\/\/techossolares.minenergia.cl\/index.php?rest_route=\/wp\/v2\/posts"}],"about":[{"href":"https:\/\/techossolares.minenergia.cl\/index.php?rest_route=\/wp\/v2\/types\/post"}],"author":[{"embeddable":true,"href":"https:\/\/techossolares.minenergia.cl\/index.php?rest_route=\/wp\/v2\/users\/4"}],"replies":[{"embeddable":true,"href":"https:\/\/techossolares.minenergia.cl\/index.php?rest_route=%2Fwp%2Fv2%2Fcomments&post=4427"}],"version-history":[{"count":1,"href":"https:\/\/techossolares.minenergia.cl\/index.php?rest_route=\/wp\/v2\/posts\/4427\/revisions"}],"predecessor-version":[{"id":4429,"href":"https:\/\/techossolares.minenergia.cl\/index.php?rest_route=\/wp\/v2\/posts\/4427\/revisions\/4429"}],"wp:featuredmedia":[{"embeddable":true,"href":"https:\/\/techossolares.minenergia.cl\/index.php?rest_route=\/wp\/v2\/media\/4428"}],"wp:attachment":[{"href":"https:\/\/techossolares.minenergia.cl\/index.php?rest_route=%2Fwp%2Fv2%2Fmedia&parent=4427"}],"wp:term":[{"taxonomy":"category","embeddable":true,"href":"https:\/\/techossolares.minenergia.cl\/index.php?rest_route=%2Fwp%2Fv2%2Fcategories&post=4427"},{"taxonomy":"post_tag","embeddable":true,"href":"https:\/\/techossolares.minenergia.cl\/index.php?rest_route=%2Fwp%2Fv2%2Ftags&post=4427"}],"curies":[{"name":"wp","href":"https:\/\/api.w.org\/{rel}","templated":true}]}}